

{"id":31999,"date":"2026-04-13T08:02:29","date_gmt":"2026-04-13T08:02:29","guid":{"rendered":"https:\/\/www.eurolympic.org\/?p=31999"},"modified":"2026-04-13T08:02:31","modified_gmt":"2026-04-13T08:02:31","slug":"les-coe-pleurent-la-disparition-de-sir-craig-reedie-ancien-membre-de-leur-comite-executif","status":"publish","type":"post","link":"https:\/\/www.eurolympic.org\/fr\/les-coe-pleurent-la-disparition-de-sir-craig-reedie-ancien-membre-de-leur-comite-executif\/","title":{"rendered":"LES\u00a0COE\u00a0PLEURENT LA DISPARITION DE SIR CRAIG REEDIE ANCIEN MEMBRE DE LEUR COMIT\u00c9 EX\u00c9CUTIF"},"content":{"rendered":"\n<p>Les Comit\u00e9s Olympiques Europ\u00e9ens (COE) ont appris avec une profonde tristesse le d\u00e9c\u00e8s de Sir Craig Reedie, membre honoraire du CIO et ancien membre du Comit\u00e9 ex\u00e9cutif des COE, \u00e0 l&rsquo;\u00e2ge de 84 ans.<\/p>\n\n\n\n<p>Sir Craig Reedie a servi le Mouvement Olympique avec un d\u00e9vouement exceptionnel pendant plusieurs d\u00e9cennies, occupant de nombreux postes de direction au plus haut niveau du sport international. Il a \u00e9t\u00e9 membre du Comit\u00e9 ex\u00e9cutif des COE de 2001 \u00e0 2009.<\/p>\n\n\n\n<p>Parmi ses contributions au sport en Europe, rappelons son r\u00f4le de pr\u00e9sident de l&rsquo;Association Olympique Britannique de 1992 \u00e0 2005, au sein de laquelle il a jou\u00e9 un r\u00f4le cl\u00e9 dans la candidature victorieuse de Londres \u00e0 l&rsquo;organisation des Jeux Olympiques de 2012. Il a ensuite \u00e9t\u00e9 nomm\u00e9 directeur du Comit\u00e9 d&rsquo;organisation des Jeux Olympiques et Paralympiques de Londres 2012.<\/p>\n\n\n\n<p>Sir Craig Reedie, \u00e9lu membre du CIO en 1994, a si\u00e9g\u00e9 au Comit\u00e9 ex\u00e9cutif du CIO de 2009 \u00e0 2012 puis en tant que vice-pr\u00e9sident de 2012 \u00e0 2016. Pendant plus de vingt ans, il a \u00e9t\u00e9 actif dans de nombreuses commissions du CIO en jouant un r\u00f4le d\u00e9terminant dans l&rsquo;orientation de secteurs cl\u00e9s du Mouvement olympique.<\/p>\n\n\n\n<p>Au cours de sa carri\u00e8re, il a \u00e9galement pr\u00e9sid\u00e9 la F\u00e9d\u00e9ration internationale de badminton (aujourd&rsquo;hui F\u00e9d\u00e9ration mondiale de badminton), menant avec succ\u00e8s la campagne pour l&rsquo;int\u00e9gration du badminton au programme olympique lors des Jeux de Barcelone de 1992. Il a guid\u00e9 l&rsquo;Agence mondiale antidopage (AMA), au cours de l&rsquo;une des p\u00e9riodes les plus difficiles de la lutte antidopage mondiale.<\/p>\n\n\n\n<p>En reconnaissance de ses services exceptionnels rendus au Mouvement olympique, Sir Craig Reedie a re\u00e7u les Lauriers olympiques europ\u00e9ens en 2022 et l&rsquo;Ordre olympique en 2023.<\/p>\n\n\n\n<p>Le pr\u00e9sident d\u00e8s COE Spyros Capralos a rendu hommage \u00e0 Sir Craig en d\u00e9clarant:<\/p>\n\n\n\n<p>\u00ab Le Mouvement olympique a perdu l&rsquo;un de ses piliers les plus in\u00e9branlables. Sir Craig Reedie \u00e9tait un leader visionnaire dont le d\u00e9vouement de toute une vie au service du sport et l&rsquo;int\u00e9grit\u00e9 sans faille ont \u00e9tabli les plus hautes normes au sein de la communaut\u00e9 sportive mondiale \u00bb.<\/p>\n\n\n\n<p>\u00ab Sa contribution au sport europ\u00e9en, notamment ses huit ann\u00e9es au sein du Comit\u00e9 ex\u00e9cutif des COE, a laiss\u00e9 un h\u00e9ritage durable, et nous avons \u00e9t\u00e9 honor\u00e9s de saluer son service exceptionnel en lui d\u00e9cernant les Lauriers olympiques europ\u00e9ens en 2022. Au-del\u00e0 de ses nombreux accomplissements, on se souviendra de lui pour sa personnalit\u00e9, sa sagesse et l&rsquo;esprit qu&rsquo;il a su insuffler au Mouvement olympique. \u00bb<\/p>\n\n\n\n<p>\u201cAu nom des COE, j&rsquo;adresse mes plus sinc\u00e8res condol\u00e9ances \u00e0 la famille et aux amis de Sir Craig Reedie\u201d.<\/p>\n\n\n\n<p>La pr\u00e9sidente du CIO Kirsty Coventry lui a \u00e9galement rendu hommage en d\u00e9clarant:<\/p>\n\n\n\n<p>\u201cSir Craig a consacr\u00e9 toute sa vie au service du sport et du Mouvement olympique. Gardien in\u00e9branlable de l&rsquo;int\u00e9grit\u00e9, il a guid\u00e9 la communaut\u00e9 sportive mondiale \u00e0 travers ses p\u00e9riodes parmi les plus difficiles avec dignit\u00e9 et d\u00e9termination \u201c.<\/p>\n\n\n\n<p>\u201c Sa contribution aux Jeux olympiques, au sport propre et au d\u00e9veloppement des athl\u00e8tes du monde entier restera grav\u00e9e dans les m\u00e9moires pour les g\u00e9n\u00e9rations \u00e0 venir\u201d.<\/p>\n","protected":false},"excerpt":{"rendered":"<p>Les Comit\u00e9s Olympiques Europ\u00e9ens (COE) ont appris avec une profonde tristesse le d\u00e9c\u00e8s de Sir Craig Reedie, membre honoraire du CIO et ancien membre du Comit\u00e9 ex\u00e9cutif des COE, \u00e0 l&rsquo;\u00e2ge de 84 ans. Sir Craig Reedie a servi le Mouvement Olympique avec un d\u00e9vouement exceptionnel pendant plusieurs d\u00e9cennies, occupant de nombreux postes de direction [&hellip;]<\/p>\n","protected":false},"author":11,"featured_media":31994,"comment_status":"closed","ping_status":"closed","sticky":false,"template":"","format":"standard","meta":{"_acf_changed":false,"footnotes":""},"categories":[131,148],"tags":[],"class_list":["post-31999","post","type-post","status-publish","format-standard","has-post-thumbnail","hentry","category-coe","category-mouvement-olympique"],"acf":[],"_links":{"self":[{"href":"https:\/\/www.eurolympic.org\/fr\/wp-json\/wp\/v2\/posts\/31999","targetHints":{"allow":["GET"]}}],"collection":[{"href":"https:\/\/www.eurolympic.org\/fr\/wp-json\/wp\/v2\/posts"}],"about":[{"href":"https:\/\/www.eurolympic.org\/fr\/wp-json\/wp\/v2\/types\/post"}],"author":[{"embeddable":true,"href":"https:\/\/www.eurolympic.org\/fr\/wp-json\/wp\/v2\/users\/11"}],"replies":[{"embeddable":true,"href":"https:\/\/www.eurolympic.org\/fr\/wp-json\/wp\/v2\/comments?post=31999"}],"version-history":[{"count":1,"href":"https:\/\/www.eurolympic.org\/fr\/wp-json\/wp\/v2\/posts\/31999\/revisions"}],"predecessor-version":[{"id":32000,"href":"https:\/\/www.eurolympic.org\/fr\/wp-json\/wp\/v2\/posts\/31999\/revisions\/32000"}],"wp:featuredmedia":[{"embeddable":true,"href":"https:\/\/www.eurolympic.org\/fr\/wp-json\/wp\/v2\/media\/31994"}],"wp:attachment":[{"href":"https:\/\/www.eurolympic.org\/fr\/wp-json\/wp\/v2\/media?parent=31999"}],"wp:term":[{"taxonomy":"category","embeddable":true,"href":"https:\/\/www.eurolympic.org\/fr\/wp-json\/wp\/v2\/categories?post=31999"},{"taxonomy":"post_tag","embeddable":true,"href":"https:\/\/www.eurolympic.org\/fr\/wp-json\/wp\/v2\/tags?post=31999"}],"curies":[{"name":"wp","href":"https:\/\/api.w.org\/{rel}","templated":true}]}}